{"id":3578,"date":"2025-05-08T16:16:52","date_gmt":"2025-05-08T14:16:52","guid":{"rendered":"https:\/\/visitur.es\/festa-del-renaixement-lesplendor-de-la-tortosa-del-segle-xvi\/"},"modified":"2025-05-08T16:23:26","modified_gmt":"2025-05-08T14:23:26","slug":"festa-del-renaixement-lesplendor-de-la-tortosa-del-segle-xvi","status":"publish","type":"post","link":"https:\/\/visitur.es\/ca\/festa-del-renaixement-lesplendor-de-la-tortosa-del-segle-xvi\/","title":{"rendered":"Festa del Renaixement. l&#8217;esplendor de la Tortosa del Segle XVI"},"content":{"rendered":"<h1 class=\"wp-block-heading\"><\/h1><p><a href=\"http:\/\/www.festadelrenaixement.org\/\">La Festa del Renaixement<\/a> \u00e9s un esdeveniment cultural que se celebra anualment a Tortosa, del 17 al 20 de juliol. Aquest festival reviu l&#8217;esplendor del segle XVI, involucrant a m\u00e9s de 3.000 ciutadans en activitats i espectacles. Reconeguda com a Festa d&#8217;Inter\u00e8s Tur\u00edstic Nacional, la celebraci\u00f3 atreu a milers de visitants cada any. La seva programaci\u00f3 inclou desfilades, teatre i gastronomia renaixentista, creant una experi\u00e8ncia \u00fanica en un entorn hist\u00f2ric.<\/p><h2 class=\"wp-block-heading\">Hist\u00f2ria i Significat de la Festa del Renaixement<\/h2><p>Aquest esdeveniment cultural s&#8217;emmarca en una \u00e8poca fonamental per a la ciutat de <a href=\"https:\/\/www2.tortosa.cat\/\">Tortosa<\/a>, celebrant el seu llegat hist\u00f2ric. La festa permet reviure les tradicions del passat, promovent el patrimoni cultural de la localitat.<\/p><h3 class=\"wp-block-heading\">Context Hist\u00f2ric del Segle XVI a Tortosa<\/h3><p>Durant el segle XVI, Tortosa es va destacar com un centre pol\u00edtic i econ\u00f2mic rellevant dins de la pen\u00ednsula ib\u00e8rica. La seva ubicaci\u00f3 estrat\u00e8gica va facilitar l&#8217;intercanvi cultural i comercial amb altres regions. Aquest per\u00edode va estar marcat per un notable creixement, amb la florida de les arts i l&#8217;arquitectura, reflectint-se en els monuments que encara es conserven. La ciutat va viure episodis importants que van forjar el seu car\u00e0cter cultural i social, deixant petjades que avui s\u00f3n essencials per a l&#8217;enteniment de la seva hist\u00f2ria.<\/p><h3 class=\"wp-block-heading\">Reconeixements i Distincions<\/h3><p>La Festa del Renaixement ha rebut m\u00faltiples premis que avalen el seu valor tur\u00edstic i cultural. S&#8217;ha distingit com a<a href=\"https:\/\/turismo.gob.es\/desarrollo-sostenibilidad\/fiestas\/Paginas\/Fiestas-de-Inter%c3%a9s-Tur%c3%adstico-Nacional.aspx\"> Festa d&#8217;Inter\u00e8s Tur\u00edstic Nacional<\/a>, la qual cosa ressalta la seva rellev\u00e0ncia en el calendari festiu espanyol. Tamb\u00e9 ha estat reconeguda amb la Placa d&#8217;Honor del Turisme de Catalunya, subratllant la import\u00e0ncia de l&#8217;esdeveniment en la promoci\u00f3 de la regi\u00f3. Aquests reconeixements no sols validen l&#8217;esfor\u00e7 dels organitzadors i participants, sin\u00f3 que tamb\u00e9 contribueixen a posicionar a Tortosa com un dest\u00ed significatiu en l&#8217;\u00e0mbit cultural.<\/p><h2 class=\"wp-block-heading\">Programa General de la Festa<\/h2><p>El programa de la Fiesta del Renacimiento est\u00e1 repleto de actividades que dan vida al ambiente del siglo XVI. Durante estos d\u00edas, Tortosa se convierte en un escenario vibrante. La agenda incluye diversas representaciones y eventos emocionantes.<\/p><h3 class=\"wp-block-heading\">Agenda d&#8217;activitats<\/h3><p>Cada dia del festival ofereix una gran varietat d&#8217;activitats que conviden als assistents a submergir-se en l&#8217;\u00e8poca renaixentista. Les jornades estan organitzades amb horaris espec\u00edfics perqu\u00e8 els visitants puguin gaudir plenament de cada experi\u00e8ncia.<\/p><h3 class=\"wp-block-heading\">Espectacles i Esdeveniments Destacats<\/h3><p>El festival compta amb una s\u00e8rie d&#8217;espectacles que destaquen per la seva originalitat i atractiu.<\/p><h4 class=\"wp-block-heading\">Desfilada i Parada d&#8217;Armes<\/h4><p>Un dels moments m\u00e9s esperats \u00e9s la Desfilada i Parada d&#8217;Armes. Aquest esdeveniment homenatja les tradicions militars de l&#8217;\u00e8poca, amb la participaci\u00f3 de grups que representen diferents faccions i unitats. Ressalta la connexi\u00f3 de la comunitat amb la seva hist\u00f2ria.<\/p><h4 class=\"wp-block-heading\">Teatre i animaci\u00f3 al carrer<\/h4><p>El teatre i l&#8217;animaci\u00f3 de carrer s\u00f3n fonamentals en l&#8217;esdeveniment. Els artistes ofereixen representacions que van des d&#8217;escenes hist\u00f2riques fins a espectacles c\u00f2mics, fomentant la participaci\u00f3 del p\u00fablic i mantenint visqui l&#8217;ess\u00e8ncia de la celebraci\u00f3.<\/p><h3 class=\"wp-block-heading\">Participaci\u00f3 comunitaria<\/h3><p>La implicaci\u00f3 dels ciutadans \u00e9s clau en aquest festival. M\u00e9s de 3.000 habitants de Tortosa s&#8217;involucren activament en les activitats, ja sigui com a actors, voluntaris o col\u00b7laborant en l&#8217;escenografia. Aquesta col\u00b7laboraci\u00f3 crea un ambient aut\u00e8ntic i festiu, enriquint l&#8217;experi\u00e8ncia de tots els assistents.<\/p><h2 class=\"wp-block-heading\">Elements clau de la celebraci\u00f3<\/h2><p>La Festa del Renaixement es caracteritza per la seva especial atenci\u00f3 als detalls que recreen l&#8217;ess\u00e8ncia del segle XVI. L&#8217;ambientaci\u00f3, la vestimenta i la gastronomia s\u00f3n pilars fonamentals que transporten als assistents a aquesta \u00e8poca hist\u00f2rica.<\/p><h3 class=\"wp-block-heading\">Ambientaci\u00f3 i vestimenta<\/h3><p>La transformaci\u00f3 de Tortosa en un escenari renaixentista \u00e9s un dels aspectes m\u00e9s impressionants. Els ciutadans, comerciants i visitants es vesteixen amb vestits d&#8217;\u00e8poca que reflecteixen la moda i l&#8217;estil de fa cinc-cents anys.<\/p><h4 class=\"wp-block-heading\">Vestits d&#8217;\u00c8poca<\/h4><p>La varietat de vestits, des de nobles fins a pagesos, ofereix un espectacle visual. Aquestes vestimentes, plenes de color i textura, contribueixen a l&#8217;autenticitat de la celebraci\u00f3 i permeten que tant residents com turistes visquin la hist\u00f2ria.<\/p><h4 class=\"wp-block-heading\">Decoraci\u00f3 de carrers i monuments<\/h4><p>Els carrers i monuments de Tortosa s&#8217;adornen amb elements propis del Renaixement. Banderes, tapissos, i llumin\u00e0ries decoren l&#8217;entorn, creant un ambient envolupant que convida a explorar cada rac\u00f3 de la ciutat.<\/p><h3 class=\"wp-block-heading\">Gastronomia renaixentista<\/h3><p>La cuina tamb\u00e9 representa una part essencial de la festa, destacant receptes i sabors de l&#8217;\u00e8poca. Els assistents poden gaudir d&#8217;una rica oferta gastron\u00f2mica que evoca la diversitat de la cuina hist\u00f2rica.&#13;\n<\/p><h4 class=\"wp-block-heading\">Ruta de la Saboga<\/h4><ul class=\"wp-block-list\"><li>Aquesta proposta permet als visitants explorar tavernes recreades.<\/li>\n\n<li>S&#8217;ofereix una experi\u00e8ncia culin\u00e0ria que simula espais de trobada t\u00edpics del segle XVI.&#13;\n<\/li><\/ul><h4 class=\"wp-block-heading\">Plats t\u00edpics<\/h4><p><div class=\"traductor-textarea form-group\">&#13;\n<div class=\"textarea-desti col-xs-12 col-sm-6\">&#13;\n<div class=\"form-control second-textarea\">Diversos men\u00fas destaquen les\u00a0Llepolies\u00a0de la\u00a0Festa\u00a0i altres dol\u00e7os medievals, a m\u00e9s de plats tradicionals de la regi\u00f3 que enriqueixen l&#8217;oferta gastron\u00f2mica i permeten degustar l&#8217;her\u00e8ncia cultural a trav\u00e9s del menjar.<\/div>&#13;\n<\/div>&#13;\n<\/div>&#13;\n<div class=\"traductor-checkbox form-group\">&#13;\n<div class=\"row\">&#13;\n<div class=\"col-sm-offset-2 col-sm-5\"><\/div>&#13;\n<\/div>&#13;\n<\/div><\/p><h2 class=\"wp-block-heading\">Impacte cultural i tur\u00edstic<\/h2><p>La celebraci\u00f3 t\u00e9 una notable influ\u00e8ncia en la cultura local i en el sector tur\u00edstic, ajudant a ressaltar la import\u00e0ncia hist\u00f2rica de la ciutat. Aquest esdeveniment atreu a un elevat nombre de visitants cada any, promovent l&#8217;intercanvi cultural i generant inter\u00e8s per l&#8217;her\u00e8ncia de Tortosa.&#13;\n<\/p><h3 class=\"wp-block-heading\">Aflu\u00e8ncia Tur\u00edstica i Promoci\u00f3<\/h3><p>El nombre de turistes que acudeix a la festa creix de manera constant, contribuint a la visibilitat de la regi\u00f3. Aquest increment s&#8217;observa en activitats promocionals que utilitzen diversos mitjans.&#13;\n<\/p><h4 class=\"wp-block-heading\">Mitjans i xarxes socials<\/h4><p>L&#8217;\u00fas de plataformes digitals ha perm\u00e8s una major difusi\u00f3 del festival. Les xarxes socials exerceixen un paper crucial en connectar amb un p\u00fablic m\u00e9s ampli, informant sobre activitats i creant expectaci\u00f3 entre els usuaris.&#13;\n<\/p><h4 class=\"wp-block-heading\"><a href=\"https:\/\/visitur.es\/ca\/\">Visites Guiades amb Visitur<\/a><\/h4><p>Les visites guiades s&#8217;han convertit en un atractiu essencial durant la festivitat, permetent als assistents explorar la riquesa cultural i patrimonial de la ciutat. Aquestes experi\u00e8ncies, organitzades per Visitur, possibiliten descobrir llocs emblem\u00e0tics com la Catedral i el Barri Jueu.&#13;\n<\/p><h3 class=\"wp-block-heading\">Beneficis Econ\u00f2mics per a la Ciutat<\/h3><p>La festa actua com un motor per a l&#8217;economia local, impulsant diferents sectors que es beneficien de l&#8217;augment en la demanda de serveis.&#13;\n<\/p><ul class=\"wp-block-list\"><li>Hostaleria i Restauraci\u00f3: S&#8217;observa un increment notable en reserves de restaurants i allotjaments.&#13;\n<\/li>\n\n<li>Comer\u00e7 Local: Les empreses realitzen vendes significatives durant els dies de celebraci\u00f3.&#13;\n<\/li><\/ul><p>Aquests efectes positius en l&#8217;economia permeten a Tortosa no sols conservar el seu llegat cultural, sin\u00f3 tamb\u00e9 prosperar econ\u00f2micament, impulsant la inversi\u00f3 i el desenvolupament sostenible en la comunitat. La festa s&#8217;ha consolidat com un esdeveniment que contribueix al benestar i creixement de la ciutat.&#13;\n<\/p><h2 class=\"wp-block-heading\">Informaci\u00f3 pr\u00e0ctica per a visitants<\/h2><p>Aquesta secci\u00f3 proporciona dades essencials per als qui desitgin gaudir de la celebraci\u00f3 a Tortosa. Les dates i opcions d&#8217;allotjament es detallen a continuaci\u00f3.&#13;\n<\/p><h3 class=\"wp-block-heading\">Dates i localitzaci\u00f3<\/h3><p>La Festa del Renaixement se celebra anualment durant el cap de setmana del 17 al 20 de juliol. Durant aquests dies, Tortosa es converteix en un dest\u00ed recomanable per als amants de la hist\u00f2ria i la cultura.&#13;\n<\/p>","protected":false},"excerpt":{"rendered":"<p>La Festa del Renaixement \u00e9s un esdeveniment cultural que se celebra anualment a Tortosa, del 17 al 20 de juliol. Aquest festival reviu l&#8217;esplendor del segle XVI, involucrant a m\u00e9s de 3.000 ciutadans en activitats i espectacles. Reconeguda com a &hellip; <a href=\"https:\/\/visitur.es\/ca\/festa-del-renaixement-lesplendor-de-la-tortosa-del-segle-xvi\/\">Read More<\/a><\/p>\n","protected":false},"author":6,"featured_media":3581,"comment_status":"closed","ping_status":"open","sticky":false,"template":"","format":"standard","meta":{"footnotes":""},"categories":[82],"tags":[],"class_list":["post-3578","post","type-post","status-publish","format-standard","has-post-thumbnail","hentry","category-activitats"],"_links":{"self":[{"href":"https:\/\/visitur.es\/ca\/wp-json\/wp\/v2\/posts\/3578"}],"collection":[{"href":"https:\/\/visitur.es\/ca\/wp-json\/wp\/v2\/posts"}],"about":[{"href":"https:\/\/visitur.es\/ca\/wp-json\/wp\/v2\/types\/post"}],"author":[{"embeddable":true,"href":"https:\/\/visitur.es\/ca\/wp-json\/wp\/v2\/users\/6"}],"replies":[{"embeddable":true,"href":"https:\/\/visitur.es\/ca\/wp-json\/wp\/v2\/comments?post=3578"}],"version-history":[{"count":1,"href":"https:\/\/visitur.es\/ca\/wp-json\/wp\/v2\/posts\/3578\/revisions"}],"predecessor-version":[{"id":3579,"href":"https:\/\/visitur.es\/ca\/wp-json\/wp\/v2\/posts\/3578\/revisions\/3579"}],"wp:featuredmedia":[{"embeddable":true,"href":"https:\/\/visitur.es\/ca\/wp-json\/wp\/v2\/media\/3581"}],"wp:attachment":[{"href":"https:\/\/visitur.es\/ca\/wp-json\/wp\/v2\/media?parent=3578"}],"wp:term":[{"taxonomy":"category","embeddable":true,"href":"https:\/\/visitur.es\/ca\/wp-json\/wp\/v2\/categories?post=3578"},{"taxonomy":"post_tag","embeddable":true,"href":"https:\/\/visitur.es\/ca\/wp-json\/wp\/v2\/tags?post=3578"}],"curies":[{"name":"wp","href":"https:\/\/api.w.org\/{rel}","templated":true}]}}